{"id":104,"date":"2016-09-02T00:15:21","date_gmt":"2016-09-02T04:15:21","guid":{"rendered":"http:\/\/www.yuriar.com\/genealogy\/?p=104"},"modified":"2016-09-02T00:15:21","modified_gmt":"2016-09-02T04:15:21","slug":"domingo-benjamin-yuriar","status":"publish","type":"post","link":"https:\/\/www.yuriar.com\/ancestry\/2016\/09\/02\/domingo-benjamin-yuriar\/","title":{"rendered":"Domingo Benjam\u00edn Yuriar Viera"},"content":{"rendered":"\n<p>General Domingo Benjam\u00edn Yuriar Viera (<a title=\"Clemente Yuriar\" href=\"http:\/\/www.yuriar.com\/ancestry\/2011\/04\/28\/clemente-yuriar\/\">Clemente<\/a>)<\/p>\n\n\n\n<figure class=\"wp-block-image\"><a href=\"http:\/\/www.yuriar.com\/ancestry\/wp-content\/uploads\/2011\/04\/DomingoBenjamin-lg.jpg\"><img decoding=\"async\" width=\"204\" height=\"300\" data-src=\"http:\/\/www.yuriar.com\/ancestry\/wp-content\/uploads\/2011\/04\/DomingoBenjamin-lg-204x300.jpg\" alt=\"DomingoBenjamin-lg\" class=\"wp-image-463 lazyload\" data-srcset=\"https:\/\/www.yuriar.com\/ancestry\/wp-content\/uploads\/2011\/04\/DomingoBenjamin-lg-204x300.jpg 204w, https:\/\/www.yuriar.com\/ancestry\/wp-content\/uploads\/2011\/04\/DomingoBenjamin-lg-697x1024.jpg 697w, https:\/\/www.yuriar.com\/ancestry\/wp-content\/uploads\/2011\/04\/DomingoBenjamin-lg-768x1129.jpg 768w, https:\/\/www.yuriar.com\/ancestry\/wp-content\/uploads\/2011\/04\/DomingoBenjamin-lg-1045x1536.jpg 1045w, https:\/\/www.yuriar.com\/ancestry\/wp-content\/uploads\/2011\/04\/DomingoBenjamin-lg.jpg 1234w\" data-sizes=\"(max-width: 204px) 100vw, 204px\" src=\"data:image\/svg+xml;base64,PHN2ZyB3aWR0aD0iMSIgaGVpZ2h0PSIxIiB4bWxucz0iaHR0cDovL3d3dy53My5vcmcvMjAwMC9zdmciPjwvc3ZnPg==\" style=\"--smush-placeholder-width: 204px; --smush-placeholder-aspect-ratio: 204\/300;\" \/><\/a><\/figure>\n\n\n\n<p><em>Born: <\/em>Aug 1869 in San Ignacio, Sinaloa, Mexico.<br><em>Baptized:<\/em> 2 Sept 1869 in San Ignacio De Loyola, San Ignacio, Sinaloa, Mexico.<br><em>Married:<\/em> 7 July 1897 in San Ignacio De Loyola, San Ignacio, Sinaloa, Mexico.<br><em>Died: <\/em>Oct 1913&nbsp;in Torreon, Mexico.<\/p>\n\n\n\n<p>Known to the surviving family as Benjam\u00edn, Domingo was baptized on September 2, 1869, as the legitimate son of Clemente Yuriar and Trinidad Viera. His mother&#8217;s name was misspelled in the church records as &#8220;Biera&#8221;.<\/p>\n\n\n\n<figure class=\"wp-block-image size-large\"><a href=\"http:\/\/www.yuriar.com\/ancestry\/wp-content\/uploads\/2011\/04\/DomingoBirthRecord01.jpg\"><img decoding=\"async\" width=\"1024\" height=\"740\" data-src=\"http:\/\/www.yuriar.com\/ancestry\/wp-content\/uploads\/2011\/04\/DomingoBirthRecord01-1024x740.jpg\" alt=\"\" class=\"wp-image-466 lazyload\" data-srcset=\"https:\/\/www.yuriar.com\/ancestry\/wp-content\/uploads\/2011\/04\/DomingoBirthRecord01-1024x740.jpg 1024w, https:\/\/www.yuriar.com\/ancestry\/wp-content\/uploads\/2011\/04\/DomingoBirthRecord01-300x217.jpg 300w, https:\/\/www.yuriar.com\/ancestry\/wp-content\/uploads\/2011\/04\/DomingoBirthRecord01-768x555.jpg 768w, https:\/\/www.yuriar.com\/ancestry\/wp-content\/uploads\/2011\/04\/DomingoBirthRecord01.jpg 1407w\" data-sizes=\"(max-width: 1024px) 100vw, 1024px\" src=\"data:image\/svg+xml;base64,PHN2ZyB3aWR0aD0iMSIgaGVpZ2h0PSIxIiB4bWxucz0iaHR0cDovL3d3dy53My5vcmcvMjAwMC9zdmciPjwvc3ZnPg==\" style=\"--smush-placeholder-width: 1024px; --smush-placeholder-aspect-ratio: 1024\/740;\" \/><\/a><\/figure>\n\n\n\n<p>Benjam\u00edn&#8217;s first child was born November 4, 1892. The official record of birth does not list the child&#8217;s mother, but names him Carlos Yuriar.  These older Mexican records often listed age, occupation, origin, etc. Benjam\u00edn is recorded to be a 21 year old single man from San Ignacio, currently practicing medicine and living at the Civil Hospital in Mazatl\u00e1n. This record is even better, because the original record has survived, and Benjam\u00edn&#8217;s signature is on the bottom.  <\/p>\n\n\n\n<figure class=\"wp-block-image size-large\"><a href=\"http:\/\/www.yuriar.com\/ancestry\/wp-content\/uploads\/2021\/06\/1892-11-04-signature.jpg\"><img decoding=\"async\" width=\"963\" height=\"199\" data-src=\"http:\/\/www.yuriar.com\/ancestry\/wp-content\/uploads\/2021\/06\/1892-11-04-signature.jpg\" alt=\"\" class=\"wp-image-577 lazyload\" data-srcset=\"https:\/\/www.yuriar.com\/ancestry\/wp-content\/uploads\/2021\/06\/1892-11-04-signature.jpg 963w, https:\/\/www.yuriar.com\/ancestry\/wp-content\/uploads\/2021\/06\/1892-11-04-signature-300x62.jpg 300w, https:\/\/www.yuriar.com\/ancestry\/wp-content\/uploads\/2021\/06\/1892-11-04-signature-768x159.jpg 768w\" data-sizes=\"(max-width: 963px) 100vw, 963px\" src=\"data:image\/svg+xml;base64,PHN2ZyB3aWR0aD0iMSIgaGVpZ2h0PSIxIiB4bWxucz0iaHR0cDovL3d3dy53My5vcmcvMjAwMC9zdmciPjwvc3ZnPg==\" style=\"--smush-placeholder-width: 963px; --smush-placeholder-aspect-ratio: 963\/199;\" \/><\/a><\/figure>\n\n\n\n<p> There is also a baptism record for this child at the Santa Iglesia Catedral, in Mazatl\u00e1n, Sinaloa, Mexico. &nbsp;Jose Carlos Yuriar&nbsp;was baptized on January 8, 1893, as the legitimate son of Benjam\u00edn and Refugio Hernandez. The baptism record says he was born November 4, 1892, and lists his paternal grandparents as Clemente and Trinidad. <\/p>\n\n\n\n<figure class=\"wp-block-image size-large\"><a href=\"http:\/\/www.yuriar.com\/ancestry\/wp-content\/uploads\/2011\/04\/1983-01-08-JuanCarlosYuriar-birthrecord-2.jpg\"><img decoding=\"async\" width=\"1024\" height=\"484\" data-src=\"http:\/\/www.yuriar.com\/ancestry\/wp-content\/uploads\/2011\/04\/1983-01-08-JuanCarlosYuriar-birthrecord-2-1024x484.jpg\" alt=\"\" class=\"wp-image-472 lazyload\" data-srcset=\"https:\/\/www.yuriar.com\/ancestry\/wp-content\/uploads\/2011\/04\/1983-01-08-JuanCarlosYuriar-birthrecord-2-1024x484.jpg 1024w, https:\/\/www.yuriar.com\/ancestry\/wp-content\/uploads\/2011\/04\/1983-01-08-JuanCarlosYuriar-birthrecord-2-300x142.jpg 300w, https:\/\/www.yuriar.com\/ancestry\/wp-content\/uploads\/2011\/04\/1983-01-08-JuanCarlosYuriar-birthrecord-2-768x363.jpg 768w, https:\/\/www.yuriar.com\/ancestry\/wp-content\/uploads\/2011\/04\/1983-01-08-JuanCarlosYuriar-birthrecord-2-1536x726.jpg 1536w, https:\/\/www.yuriar.com\/ancestry\/wp-content\/uploads\/2011\/04\/1983-01-08-JuanCarlosYuriar-birthrecord-2.jpg 1793w\" data-sizes=\"(max-width: 1024px) 100vw, 1024px\" src=\"data:image\/svg+xml;base64,PHN2ZyB3aWR0aD0iMSIgaGVpZ2h0PSIxIiB4bWxucz0iaHR0cDovL3d3dy53My5vcmcvMjAwMC9zdmciPjwvc3ZnPg==\" style=\"--smush-placeholder-width: 1024px; --smush-placeholder-aspect-ratio: 1024\/484;\" \/><\/a><\/figure>\n\n\n\n<p>Relatives have informed me that Benjam\u00edn had another illegitimate son, and said he was born in 1898. &nbsp;Nicolas Yuriar Mancillas listed September 10, 1898, on his WW1 draft card, but his ages on all the records I&#8217;ve found lines up better with a 1897 birthday.  Nicolas was born to Felicitas Mancillas in San Ignacio de Loyola, Sinaloa, Mx. <\/p>\n\n\n\n<p>A few months before Nicolas was born, Benjam\u00edn married Josefa Deras Bastidas.  According to the marriage record, Benjam\u00edn was a 26 year old doctor, and Josefa was 18.  Benjam\u00edn&#8217;s parents were both dead, as was Josefa&#8217;s father. The marriage was arranged, and agreed to by all parties, including her mother. Interesting tidbit &#8211; if my research is correct, Josefa and Benjam\u00edn are 3rd cousins via the Bastidas. Their common ancestor would be their great-great grandparents, Rafael Bastidas and Carmen Patron.  Also, the judge who recorded the marriage, Jose Maria Bastidas, is likely a cousin as well. <\/p>\n\n\n\n<figure class=\"wp-block-image size-large\"><a href=\"http:\/\/www.yuriar.com\/ancestry\/wp-content\/uploads\/2021\/06\/1897-07-07-marraige-JosefaDerasBastidas-scaled-1.jpg\"><img decoding=\"async\" data-src=\"http:\/\/www.yuriar.com\/ancestry\/wp-content\/uploads\/sites\/6\/2021\/06\/1897-07-07-marraige-JosefaDerasBastidas-1024x832.jpg\" alt=\"\" class=\"wp-image-576 lazyload\" src=\"data:image\/svg+xml;base64,PHN2ZyB3aWR0aD0iMSIgaGVpZ2h0PSIxIiB4bWxucz0iaHR0cDovL3d3dy53My5vcmcvMjAwMC9zdmciPjwvc3ZnPg==\" style=\"--smush-placeholder-width: 1024px; --smush-placeholder-aspect-ratio: 1024\/832;\" \/><\/a><\/figure>\n\n\n\n<p>Benjam\u00edn and Josefa had 6 children, but at least one of them died very young. Benjam\u00edn is listed as a doctor on the first several birth records, but on the 1905 record of the birth and death of his daughter Maria Trinidad Yuriar Deras, Benjam\u00edn&#8217;s occupation is changed to &#8220;industrial&#8221;, which could mean any number of things. <\/p>\n\n\n\n<p>D.Benjam\u00edn Yuriar was one of Pancho Villa&#8217;s generals in the Divisi\u00f3n del Norte in 1913. &nbsp;He was one of the <a href=\"http:\/\/lecturaexperimental.blogspot.com\/2011\/01\/punitive-mexican-expedition-brief.html\" target=\"_blank\" rel=\"noopener noreferrer\">founding members of the Division<\/a>, and is most known for being <a href=\"http:\/\/www.revolucionentorreon.galeon.com\/productos753142.html\" target=\"_blank\" rel=\"noopener noreferrer\">the man Pancho Villa shot for insubordination<\/a>. &nbsp;In order to understand the situation&nbsp;Benjam\u00edn found himself in that fateful October day in 1913, we need to look at Pancho Villa, and the months leading up to that moment when Villa sentenced him to death.<\/p>\n\n\n\n<p>Villa had started life as an outlaw, but he&nbsp;joined Madero&#8217;s revolution against Diaz, serving under Orozco. &nbsp;When Orozco turned on Madero and joined forces with Huerta to overthrow him, Villa Joined forces with Carranza, and remained loyal to Madero and his ideals.<\/p>\n\n\n\n<p>Huerta&#8217;s assassination of Madero angered&nbsp;Villa. &nbsp;He began to pull together his old military friends and several of the local gangs. Shortly before the first attack on Torreon, Villa and his second in command Juan Medina, held a meeting of all the gang leaders, including Domingo&nbsp;Benjam\u00edn Yuriar. &nbsp;It was decided that the best way to be coordinated during the attack was to have one leader in charge of the battlefield. &nbsp;Medina nominated Villa, and everyone agreed. &nbsp;Thus, on September 29, 1913, Yuriar was one of the founding generals of the&nbsp;Divisi\u00f3n del Norte.<\/p>\n\n\n\n<p>Yuriar and his men helped in the first battle of Torreon. He was sent with Generals Benavides and Urbina to guard the plaza and secure the town.<\/p>\n\n\n\n<p>The leaders recognized Villa&#8217;s leadership on the battlefield, but not off. &nbsp;As a result, Carranza ordered Villa to get control of the men and stop the looting. &nbsp;Meanwhile, Villa, who had previously been back-stabbed by a friend, learned of a threat on his life, so he was on edge.<\/p>\n\n\n\n<p>During the preparations for the next big battle, Juan Medina, a formal Federale and Villa&#8217;s right-hand man, advised Villa to leave General Urbina behind. &nbsp;They were headed to Chihuahua, and would be close to the American border. &nbsp;Urbina had a reputation for being a wild card. and would often wander off and cause problems. &nbsp;The last thing Villa needed was America getting mad and coming for him. &nbsp;So Villa arranged for Urbina to be paid handsomely and given whatever he wanted as long as he stayed behind. &nbsp;Villa took Yuriar and his men along with Benavides&#8217; Zarragoza brigade as he headed for Chihuahua.<\/p>\n\n\n\n<p>According to articles printed in the&nbsp;<span style=\"text-decoration: underline;\">Alerta<\/span> in 1983, Yuriar was over heard complaining to someone at the train station. &nbsp;He did not like the idea that a former Federale, Medina, was second-in-command.<\/p>\n\n\n\n<p>Other accounts claim General&nbsp;Yuriar was drunk at the time, or that he wanted more money. &nbsp;One account claims the person Yuriar was complaining to was General Manuel Chao. Chao was known to be jealous of Villa&#8217;s position as leader of the division. &nbsp;He&#8217;d tried to organize a division in the north before Villa rode into town, but his efforts failed. The theory follows that Villa chose Yuriar to be an example to the others. &nbsp;Villa reasoned that he could afford to potentially lose Yuriar&#8217;s 10-20 followers if they all chose to go home, however he could not afford to lose Chao&#8217;s several hundred followers.<\/p>\n\n\n\n<p>Regardless, the fact remains clear. Villa had General Yuriar shot for insubordination. In an interesting twist, it was Medina who told Villa that Yuriar should have had a trial first. &nbsp;Villa responded by daring Medina to court martial him if Medina thought he had acted out of order, but that he would not stand for any insubordination. &nbsp;General Chao remained loyal to Villa, and eventually the revolution was won.<\/p>\n\n\n\n<p>Several decades later, in 1939, the President of Mexico decreed that all who fought in the Revolution against Huerta would be able to get the <a href=\"http:\/\/www.medal-medaille.com\/sold\/product_info.php?cPath=79&amp;products_id=4550\">Cross of Revolutionary Merit<\/a>.<\/p>\n\n\n\n<figure class=\"wp-block-image size-large\"><img decoding=\"async\" width=\"1024\" height=\"662\" data-src=\"http:\/\/www.yuriar.com\/ancestry\/wp-content\/uploads\/2016\/09\/benjaminsmedal-1024x662.jpg\" alt=\"\" class=\"wp-image-573 lazyload\" data-srcset=\"https:\/\/www.yuriar.com\/ancestry\/wp-content\/uploads\/2016\/09\/benjaminsmedal-1024x662.jpg 1024w, https:\/\/www.yuriar.com\/ancestry\/wp-content\/uploads\/2016\/09\/benjaminsmedal-300x194.jpg 300w, https:\/\/www.yuriar.com\/ancestry\/wp-content\/uploads\/2016\/09\/benjaminsmedal-768x496.jpg 768w, https:\/\/www.yuriar.com\/ancestry\/wp-content\/uploads\/2016\/09\/benjaminsmedal-1536x993.jpg 1536w, https:\/\/www.yuriar.com\/ancestry\/wp-content\/uploads\/2016\/09\/benjaminsmedal.jpg 1584w\" data-sizes=\"(max-width: 1024px) 100vw, 1024px\" src=\"data:image\/svg+xml;base64,PHN2ZyB3aWR0aD0iMSIgaGVpZ2h0PSIxIiB4bWxucz0iaHR0cDovL3d3dy53My5vcmcvMjAwMC9zdmciPjwvc3ZnPg==\" style=\"--smush-placeholder-width: 1024px; --smush-placeholder-aspect-ratio: 1024\/662;\" \/><\/figure>\n\n\n\n<p>Found a video that discusses the revolution, and mentions Domingo as one of Villa&#8217;s Generals.<\/p>\n\n\n\n<p><iframe title=\"M\u00e9xico es tu museo-HACIENDA DE LA LOMA\" width=\"960\" height=\"720\" data-src=\"https:\/\/www.youtube.com\/embed\/4TVWPwu7IcI?feature=oembed\" frameborder=\"0\" allow=\"accelerometer; autoplay; clipboard-write; encrypted-media; gyroscope; picture-in-picture\" allowfullscreen src=\"data:image\/svg+xml;base64,PHN2ZyB3aWR0aD0iMSIgaGVpZ2h0PSIxIiB4bWxucz0iaHR0cDovL3d3dy53My5vcmcvMjAwMC9zdmciPjwvc3ZnPg==\" class=\"lazyload\" data-load-mode=\"1\"><\/iframe><\/p>\n\n\n\n<p>Baby Mama:&nbsp; Refugio Hernandez<\/p>\n\n\n\n<p>Child:<\/p>\n\n\n\n<ul class=\"wp-block-list\"><li>Jose Carlos Yuriar:&nbsp;4 November 1892 &#8211; ??<\/li><\/ul>\n\n\n\n<p>Baby Mama:&nbsp; Felicitas Mancillas<\/p>\n\n\n\n<p>Child:<\/p>\n\n\n\n<ul class=\"wp-block-list\"><li><a href=\"http:\/\/www.yuriar.com\/ancestry\/nicolas-yuriar-mancillas\/\">Nicolas Yuriar Mancillas<\/a>: 10 Sep 1898 &#8211; ??<\/li><\/ul>\n\n\n\n<p>Wife:\u00a0 Josefa Deras Bastidas<\/p>\n\n\n\n<p>Children:<\/p>\n\n\n\n<ul class=\"wp-block-list\"><li>Alberto Yuriar Deras:\u00a08 April 1900 &#8211; ??<\/li><li>Josefa Emilia Yuriar Deras: 6 June 1902 &#8211; ??<\/li><li>Igancio B. Yuriar Deras: Abt 1903 &#8211; ??<\/li><li>Domingo Guberto Yuriar Deras: 12 March 1904 &#8211; ??<\/li><li>Maria Trinidad Yuriar Deras: 4 July 1905 &#8211; 4 July 1905<\/li><li>Maria Antonieta Yuriar Deras: 16 June 1907 &#8211; ??<\/li><\/ul>\n\n\n\n<p>Research list:<\/p>\n\n\n\n<p><a href=\"http:\/\/www.revolucionentorreon.galeon.com\/index.html\" target=\"_blank\" rel=\"noopener noreferrer\">La Batalla De Torreon <\/a>by Roque Gonzalex Garza, P. Ramos, and J. Perez<br><a href=\"https:\/\/books.google.com\/books?id=hacAAQAAQBAJ\" target=\"_blank\" rel=\"noopener noreferrer\">Memoirs of Pancho Villa <\/a>by Martin Luis Guzman<br><a href=\"https:\/\/books.google.com\/books?id=XAIcq6AJ3OwC\" target=\"_blank\" rel=\"noopener noreferrer\">Life and Times of Pancho Villa<\/a> by Fredrich Katz<\/p>\n\n\n\n<p>Here are the articles from the 1983 series the&nbsp;<span style=\"text-decoration: underline;\">Alerta<\/span> printed on the Mexican Revolution. &nbsp;My husband&#8217;s Abuelita only saved the articles that mentioned Benjamin Yuriar:<\/p>\n\n\n<p>[scribd id=322867860 key=key-FAVsDM9QhsKnwxsbr2RH mode=scroll]<\/p>\n\n\n\n<p><\/p>\n","protected":false},"excerpt":{"rendered":"<p>General Domingo Benjam\u00edn Yuriar Viera (Clemente) Born: Aug 1869 in San Ignacio, Sinaloa, Mexico.Baptized: 2 Sept 1869 in San Ignacio De Loyola, San Ignacio, Sinaloa, Mexico.Married: 7 July 1897 in &#8230;<\/p>\n","protected":false},"author":2,"featured_media":463,"comment_status":"open","ping_status":"closed","sticky":false,"template":"","format":"video","meta":{"_jetpack_memberships_contains_paid_content":false,"footnotes":""},"categories":[9,3],"tags":[14,15,19,20,28,29,31,32,34,35,37,38],"class_list":["post-104","post","type-post","status-publish","format-video","has-post-thumbnail","hentry","category-domingo-benjamin-yuriar","category-yuriar","tag-benjamin","tag-biera","tag-culican","tag-domingo","tag-mexico","tag-military","tag-pancho-villa","tag-revolutionary","tag-sidebar","tag-torreon","tag-viera","tag-yuriar","post_format-post-format-video"],"jetpack_featured_media_url":"https:\/\/www.yuriar.com\/ancestry\/wp-content\/uploads\/2011\/04\/DomingoBenjamin-lg.jpg","jetpack_sharing_enabled":true,"_links":{"self":[{"href":"https:\/\/www.yuriar.com\/ancestry\/wp-json\/wp\/v2\/posts\/104","targetHints":{"allow":["GET"]}}],"collection":[{"href":"https:\/\/www.yuriar.com\/ancestry\/wp-json\/wp\/v2\/posts"}],"about":[{"href":"https:\/\/www.yuriar.com\/ancestry\/wp-json\/wp\/v2\/types\/post"}],"author":[{"embeddable":true,"href":"https:\/\/www.yuriar.com\/ancestry\/wp-json\/wp\/v2\/users\/2"}],"replies":[{"embeddable":true,"href":"https:\/\/www.yuriar.com\/ancestry\/wp-json\/wp\/v2\/comments?post=104"}],"version-history":[{"count":0,"href":"https:\/\/www.yuriar.com\/ancestry\/wp-json\/wp\/v2\/posts\/104\/revisions"}],"wp:featuredmedia":[{"embeddable":true,"href":"https:\/\/www.yuriar.com\/ancestry\/wp-json\/wp\/v2\/media\/463"}],"wp:attachment":[{"href":"https:\/\/www.yuriar.com\/ancestry\/wp-json\/wp\/v2\/media?parent=104"}],"wp:term":[{"taxonomy":"category","embeddable":true,"href":"https:\/\/www.yuriar.com\/ancestry\/wp-json\/wp\/v2\/categories?post=104"},{"taxonomy":"post_tag","embeddable":true,"href":"https:\/\/www.yuriar.com\/ancestry\/wp-json\/wp\/v2\/tags?post=104"}],"curies":[{"name":"wp","href":"https:\/\/api.w.org\/{rel}","templated":true}]}}